{"id":1312,"date":"2025-02-20T11:06:22","date_gmt":"2025-02-20T11:06:22","guid":{"rendered":"https:\/\/pfefferwerk-akademie.de\/?p=1312"},"modified":"2025-02-20T11:09:42","modified_gmt":"2025-02-20T11:09:42","slug":"bucher-forst-im-schnee","status":"publish","type":"post","link":"https:\/\/pfefferwerk-akademie.de\/index.php\/bucher-forst-im-schnee\/","title":{"rendered":"Bucher Forst im Schnee"},"content":{"rendered":"\n<p>Gemeinsam waren wir mit der Rucksackwaldschule Eichh\u00f6rnchen im Bucher Forst unterwegs. Bei knackiger K\u00e4lte, aber sch\u00f6nstem Sonnenschein und Schnee haben wir eine Einf\u00fchrung in die Waldp\u00e4dagogik erhalten. &nbsp;<\/p>\n\n\n\n<p>Februar 2025 <\/p>\n","protected":false},"excerpt":{"rendered":"<p>Gemeinsam waren wir mit der Rucksackwaldschule Eichh\u00f6rnchen im Bucher Forst unterwegs. Bei knackiger K\u00e4lte, aber sch\u00f6nstem Sonnenschein und Schnee haben wir eine Einf\u00fchrung in die Waldp\u00e4dagogik erhalten. &nbsp; Februar 2025<\/p>\n","protected":false},"author":7,"featured_media":1317,"comment_status":"closed","ping_status":"open","sticky":false,"template":"","format":"standard","meta":{"_price":"","_stock":"","_tribe_ticket_header":"","_tribe_default_ticket_provider":"","_tribe_ticket_capacity":"0","_ticket_start_date":"","_ticket_end_date":"","_tribe_ticket_show_description":"","_tribe_ticket_show_not_going":false,"_tribe_ticket_use_global_stock":"","_tribe_ticket_global_stock_level":"","_global_stock_mode":"","_global_stock_cap":"","_tribe_rsvp_for_event":"","_tribe_ticket_going_count":"","_tribe_ticket_not_going_count":"","_tribe_tickets_list":"[]","_tribe_ticket_has_attendee_info_fields":false,"footnotes":""},"categories":[7],"tags":[],"class_list":["post-1312","post","type-post","status-publish","format-standard","has-post-thumbnail","hentry","category-akutelles"],"_links":{"self":[{"href":"https:\/\/pfefferwerk-akademie.de\/index.php\/wp-json\/wp\/v2\/posts\/1312","targetHints":{"allow":["GET"]}}],"collection":[{"href":"https:\/\/pfefferwerk-akademie.de\/index.php\/wp-json\/wp\/v2\/posts"}],"about":[{"href":"https:\/\/pfefferwerk-akademie.de\/index.php\/wp-json\/wp\/v2\/types\/post"}],"author":[{"embeddable":true,"href":"https:\/\/pfefferwerk-akademie.de\/index.php\/wp-json\/wp\/v2\/users\/7"}],"replies":[{"embeddable":true,"href":"https:\/\/pfefferwerk-akademie.de\/index.php\/wp-json\/wp\/v2\/comments?post=1312"}],"version-history":[{"count":2,"href":"https:\/\/pfefferwerk-akademie.de\/index.php\/wp-json\/wp\/v2\/posts\/1312\/revisions"}],"predecessor-version":[{"id":1316,"href":"https:\/\/pfefferwerk-akademie.de\/index.php\/wp-json\/wp\/v2\/posts\/1312\/revisions\/1316"}],"wp:featuredmedia":[{"embeddable":true,"href":"https:\/\/pfefferwerk-akademie.de\/index.php\/wp-json\/wp\/v2\/media\/1317"}],"wp:attachment":[{"href":"https:\/\/pfefferwerk-akademie.de\/index.php\/wp-json\/wp\/v2\/media?parent=1312"}],"wp:term":[{"taxonomy":"category","embeddable":true,"href":"https:\/\/pfefferwerk-akademie.de\/index.php\/wp-json\/wp\/v2\/categories?post=1312"},{"taxonomy":"post_tag","embeddable":true,"href":"https:\/\/pfefferwerk-akademie.de\/index.php\/wp-json\/wp\/v2\/tags?post=1312"}],"curies":[{"name":"wp","href":"https:\/\/api.w.org\/{rel}","templated":true}]}}